{"id":946,"date":"2024-10-11T08:34:09","date_gmt":"2024-10-11T07:34:09","guid":{"rendered":"https:\/\/www.ifmpan.poznan.pl\/nocnaukowcow\/?p=946"},"modified":"2024-10-11T08:35:33","modified_gmt":"2024-10-11T07:35:33","slug":"naukowcy-w-szkolach-specjalny-osrodek-szkolno-wychowawczy-dla-dzieci-nieslyszacych","status":"publish","type":"post","link":"https:\/\/www.ifmpan.poznan.pl\/nocnaukowcow\/2024\/10\/11\/naukowcy-w-szkolach-specjalny-osrodek-szkolno-wychowawczy-dla-dzieci-nieslyszacych\/","title":{"rendered":"Naukowcy w szko\u0142ach &#8211; Specjalny O\u015brodek Szkolno-Wychowawczy dla Dzieci Nies\u0142ysz\u0105cych"},"content":{"rendered":"\n<p><strong>Specjalny O\u015brodek Szkolno-Wychowawczy dla Dzieci Nies\u0142ysz\u0105cych<\/strong> w Poznaniu, go\u015bci\u0142 Naukowc\u00f3w z IFM PAN w swoich murach 25 maja 2024. Promocja wydarzenia Noc Naukowc\u00f3w 2024. Naukowe pokazy mia\u0142y na celu pokaza\u0107, \u017ce mo\u017cna si\u0119 \u015bwietnie bawi\u0107 poznaj\u0105c tajniki \u015bwiat\u0142a, barw, temperatur, magnetyzmu, elektryczno\u015bci, odnawialnych \u017ar\u00f3de\u0142 energii.\u00a0 By\u0142o bardzo ciekawie, kolorowo, wybuchowo i naukowo. Wszyscy uczestnicy zgodnie stwierdzili, \u017ce Fizyka (jest) Warta Poznania i chc\u0105 do\u015bwiadczy\u0107 wi\u0119cej podczas Nocy Naukowc\u00f3w! Zapraszamy \ud83d\ude0a<\/p>\n\n\n\n<figure class=\"wp-block-image size-large\"><img loading=\"lazy\" decoding=\"async\" width=\"1024\" height=\"746\" src=\"https:\/\/www.ifmpan.poznan.pl\/nocnaukowcow\/wp-content\/uploads\/2024\/10\/2-1024x746.png\" alt=\"\" class=\"wp-image-937\" srcset=\"https:\/\/www.ifmpan.poznan.pl\/nocnaukowcow\/wp-content\/uploads\/2024\/10\/2-1024x746.png 1024w, https:\/\/www.ifmpan.poznan.pl\/nocnaukowcow\/wp-content\/uploads\/2024\/10\/2-300x219.png 300w, https:\/\/www.ifmpan.poznan.pl\/nocnaukowcow\/wp-content\/uploads\/2024\/10\/2-768x560.png 768w, https:\/\/www.ifmpan.poznan.pl\/nocnaukowcow\/wp-content\/uploads\/2024\/10\/2.png 1191w\" sizes=\"auto, (max-width: 1024px) 100vw, 1024px\" \/><\/figure>\n","protected":false},"excerpt":{"rendered":"<p>Specjalny O\u015brodek Szkolno-Wychowawczy dla Dzieci Nies\u0142ysz\u0105cych w Poznaniu, go\u015bci\u0142 Naukowc\u00f3w z IFM PAN w swoich murach 25 maja 2024. Promocja wydarzenia Noc Naukowc\u00f3w 2024. Naukowe pokazy mia\u0142y na celu pokaza\u0107, \u017ce mo\u017cna si\u0119 \u015bwietnie bawi\u0107 poznaj\u0105c tajniki \u015bwiat\u0142a, barw, temperatur, magnetyzmu, elektryczno\u015bci, odnawialnych \u017ar\u00f3de\u0142 energii.\u00a0 By\u0142o bardzo ciekawie, kolorowo, wybuchowo i naukowo. Wszyscy uczestnicy zgodnie [&hellip;]<\/p>\n","protected":false},"author":4,"featured_media":0,"comment_status":"closed","ping_status":"","sticky":false,"template":"","format":"standard","meta":{"ngg_post_thumbnail":0,"footnotes":""},"categories":[1],"tags":[],"class_list":["post-946","post","type-post","status-publish","format-standard","hentry","category-uncategorized"],"_links":{"self":[{"href":"https:\/\/www.ifmpan.poznan.pl\/nocnaukowcow\/wp-json\/wp\/v2\/posts\/946","targetHints":{"allow":["GET"]}}],"collection":[{"href":"https:\/\/www.ifmpan.poznan.pl\/nocnaukowcow\/wp-json\/wp\/v2\/posts"}],"about":[{"href":"https:\/\/www.ifmpan.poznan.pl\/nocnaukowcow\/wp-json\/wp\/v2\/types\/post"}],"author":[{"embeddable":true,"href":"https:\/\/www.ifmpan.poznan.pl\/nocnaukowcow\/wp-json\/wp\/v2\/users\/4"}],"replies":[{"embeddable":true,"href":"https:\/\/www.ifmpan.poznan.pl\/nocnaukowcow\/wp-json\/wp\/v2\/comments?post=946"}],"version-history":[{"count":2,"href":"https:\/\/www.ifmpan.poznan.pl\/nocnaukowcow\/wp-json\/wp\/v2\/posts\/946\/revisions"}],"predecessor-version":[{"id":950,"href":"https:\/\/www.ifmpan.poznan.pl\/nocnaukowcow\/wp-json\/wp\/v2\/posts\/946\/revisions\/950"}],"wp:attachment":[{"href":"https:\/\/www.ifmpan.poznan.pl\/nocnaukowcow\/wp-json\/wp\/v2\/media?parent=946"}],"wp:term":[{"taxonomy":"category","embeddable":true,"href":"https:\/\/www.ifmpan.poznan.pl\/nocnaukowcow\/wp-json\/wp\/v2\/categories?post=946"},{"taxonomy":"post_tag","embeddable":true,"href":"https:\/\/www.ifmpan.poznan.pl\/nocnaukowcow\/wp-json\/wp\/v2\/tags?post=946"}],"curies":[{"name":"wp","href":"https:\/\/api.w.org\/{rel}","templated":true}]}}