{"id":948,"date":"2024-10-11T08:34:58","date_gmt":"2024-10-11T07:34:58","guid":{"rendered":"https:\/\/www.ifmpan.poznan.pl\/nocnaukowcow\/?p=948"},"modified":"2024-10-11T08:34:58","modified_gmt":"2024-10-11T07:34:58","slug":"naukowcy-w-szkolach-specjalny-osrodek-szkolno-wychowawczy-w-mosinie","status":"publish","type":"post","link":"https:\/\/www.ifmpan.poznan.pl\/nocnaukowcow\/2024\/10\/11\/naukowcy-w-szkolach-specjalny-osrodek-szkolno-wychowawczy-w-mosinie\/","title":{"rendered":"Naukowcy w szko\u0142ach &#8211; Specjalny O\u015brodek Szkolno-Wychowawczy w Mosinie"},"content":{"rendered":"\n<p><strong>Specjalny O\u015brodek Szkolno-Wychowawczy w Mosinie<\/strong>, \u00a0Osowa G\u00f3ra, Wielkopolski Park Narodowy, 16 czerwca 2024. Podczas I Pikniku Rodzinnego SOSW w Mosinie zorganizowano warsztaty i pokazy naukowe promuj\u0105ce Noc Naukowc\u00f3w pt.: &#8222;Bujamy w ob\u0142okach bez barier&#8221; dla uczni\u00f3w Specjalnego O\u015brodka Szkolno-Wychowawczego w Mosinie i ich rodzin. Podopieczni mieli okazj\u0119 zapomnie\u0107 o troskach i k\u0142opotach szkolnych dni i w naukowej atmosferze sp\u0119dzi\u0107 ostatnie dni przed wakacjami poznaj\u0105c arkana \u201emagicznych\u201d sztuczek, kt\u00f3re z magi\u0105 nie mia\u0142y nic wsp\u00f3lnego. W\u015br\u00f3d okrzyk\u00f3w rado\u015bci i ekscytacji uczniowie poznawali tajniki struktur, zmian tekstur, temperatur, dymi\u0105cych i wybuchowych ale bezpiecznych reakcji chemicznych \ud83d\ude0a Wszyscy uczestnicy na zako\u0144czenie wo\u0142ali: \u201eJeszcze! Jeszcze! Za rok chcemy jeszcze wi\u0119cej!\u201d<\/p>\n\n\n\n<figure class=\"wp-block-image size-large\"><img loading=\"lazy\" decoding=\"async\" width=\"1024\" height=\"764\" src=\"https:\/\/www.ifmpan.poznan.pl\/nocnaukowcow\/wp-content\/uploads\/2024\/10\/3-1024x764.png\" alt=\"\" class=\"wp-image-938\" srcset=\"https:\/\/www.ifmpan.poznan.pl\/nocnaukowcow\/wp-content\/uploads\/2024\/10\/3-1024x764.png 1024w, https:\/\/www.ifmpan.poznan.pl\/nocnaukowcow\/wp-content\/uploads\/2024\/10\/3-300x224.png 300w, https:\/\/www.ifmpan.poznan.pl\/nocnaukowcow\/wp-content\/uploads\/2024\/10\/3-768x573.png 768w, https:\/\/www.ifmpan.poznan.pl\/nocnaukowcow\/wp-content\/uploads\/2024\/10\/3.png 1203w\" sizes=\"auto, (max-width: 1024px) 100vw, 1024px\" \/><\/figure>\n","protected":false},"excerpt":{"rendered":"<p>Specjalny O\u015brodek Szkolno-Wychowawczy w Mosinie, \u00a0Osowa G\u00f3ra, Wielkopolski Park Narodowy, 16 czerwca 2024. Podczas I Pikniku Rodzinnego SOSW w Mosinie zorganizowano warsztaty i pokazy naukowe promuj\u0105ce Noc Naukowc\u00f3w pt.: &#8222;Bujamy w ob\u0142okach bez barier&#8221; dla uczni\u00f3w Specjalnego O\u015brodka Szkolno-Wychowawczego w Mosinie i ich rodzin. Podopieczni mieli okazj\u0119 zapomnie\u0107 o troskach i k\u0142opotach szkolnych dni i [&hellip;]<\/p>\n","protected":false},"author":4,"featured_media":0,"comment_status":"closed","ping_status":"","sticky":false,"template":"","format":"standard","meta":{"ngg_post_thumbnail":0,"footnotes":""},"categories":[1],"tags":[],"class_list":["post-948","post","type-post","status-publish","format-standard","hentry","category-uncategorized"],"_links":{"self":[{"href":"https:\/\/www.ifmpan.poznan.pl\/nocnaukowcow\/wp-json\/wp\/v2\/posts\/948","targetHints":{"allow":["GET"]}}],"collection":[{"href":"https:\/\/www.ifmpan.poznan.pl\/nocnaukowcow\/wp-json\/wp\/v2\/posts"}],"about":[{"href":"https:\/\/www.ifmpan.poznan.pl\/nocnaukowcow\/wp-json\/wp\/v2\/types\/post"}],"author":[{"embeddable":true,"href":"https:\/\/www.ifmpan.poznan.pl\/nocnaukowcow\/wp-json\/wp\/v2\/users\/4"}],"replies":[{"embeddable":true,"href":"https:\/\/www.ifmpan.poznan.pl\/nocnaukowcow\/wp-json\/wp\/v2\/comments?post=948"}],"version-history":[{"count":1,"href":"https:\/\/www.ifmpan.poznan.pl\/nocnaukowcow\/wp-json\/wp\/v2\/posts\/948\/revisions"}],"predecessor-version":[{"id":949,"href":"https:\/\/www.ifmpan.poznan.pl\/nocnaukowcow\/wp-json\/wp\/v2\/posts\/948\/revisions\/949"}],"wp:attachment":[{"href":"https:\/\/www.ifmpan.poznan.pl\/nocnaukowcow\/wp-json\/wp\/v2\/media?parent=948"}],"wp:term":[{"taxonomy":"category","embeddable":true,"href":"https:\/\/www.ifmpan.poznan.pl\/nocnaukowcow\/wp-json\/wp\/v2\/categories?post=948"},{"taxonomy":"post_tag","embeddable":true,"href":"https:\/\/www.ifmpan.poznan.pl\/nocnaukowcow\/wp-json\/wp\/v2\/tags?post=948"}],"curies":[{"name":"wp","href":"https:\/\/api.w.org\/{rel}","templated":true}]}}